{"id":440,"date":"2026-03-09T20:49:13","date_gmt":"2026-03-09T23:49:13","guid":{"rendered":"https:\/\/pordentrodeminas.com.br\/mais\/?p=440"},"modified":"2026-03-09T20:46:55","modified_gmt":"2026-03-09T23:46:55","slug":"saiba-quando-ligar-para-190-192-ou-193-em-situacoes-de-emergencia","status":"publish","type":"post","link":"https:\/\/pordentrodeminas.com.br\/mais\/2026\/03\/saiba-quando-ligar-para-190-192-ou-193-em-situacoes-de-emergencia\/","title":{"rendered":"Saiba quando ligar para 190, 192 ou 193 em situa\u00e7\u00f5es de emerg\u00eancia"},"content":{"rendered":"<p>Em uma situa\u00e7\u00e3o de emerg\u00eancia, saber qual n\u00famero ligar pode fazer toda a diferen\u00e7a no tempo de resposta e no sucesso do atendimento. No Brasil, tr\u00eas contatos s\u00e3o considerados essenciais: 190, 192 e 193, cada um destinado a um tipo espec\u00edfico de ocorr\u00eancia.<\/p>\n<p>Agir rapidamente \u00e9 importante, mas acionar o servi\u00e7o correto evita sobrecarga nas linhas e ajuda a garantir que a ajuda chegue mais r\u00e1pido a quem precisa.<\/p><div id=\"porde-3537446111\" class=\"porde-conteudo\" style=\"margin-left: auto;margin-right: auto;text-align: center;\"><div class=\"pub_ads\">\r\n<!-- \/109525145\/banner-conteudo-paragrafo -->\r\n<div id='div-gpt-ad-1730236560984-0' style='min-width: 300px; min-height: 90px;'>\r\n  <script>\r\n    googletag.cmd.push(function() { googletag.display('div-gpt-ad-1730236560984-0'); });\r\n  <\/script>\r\n<\/div>\r\n\r\n<\/div><br><\/div>\n<h2>Quando ligar para o 190<\/h2>\n<p>O 190 conecta o cidad\u00e3o \u00e0 <a href=\"https:\/\/www.policiamilitar.mg.gov.br\/\">Pol\u00edcia Militar de Minas Gerais<\/a> (PMMG) e deve ser acionado em situa\u00e7\u00f5es relacionadas \u00e0 seguran\u00e7a p\u00fablica, como:<\/p><div id=\"porde-338711213\" class=\"porde-conteudo-2\"><!-- Estilos responsivos -->\r\n<style>\r\n@media (max-width:700px){\r\n  .vd-container{\r\n    padding:16px!important;\r\n    border-width:2px!important;\r\n    text-align:center!important;\r\n    margin:16px auto!important;\r\n  }\r\n  .vd-wrap{\r\n    flex-direction:column!important;\r\n    align-items:center!important;\r\n    gap:12px!important;\r\n  }\r\n  .vd-logo{display:none!important;}\r\n  .vd-text{\r\n    font-size:16px!important;\r\n    line-height:1.35!important;\r\n    font-weight:600!important;\r\n    margin-bottom:6px!important;\r\n    color:#1a1a1a!important;\r\n  }\r\n  .vd-cta{\r\n    display:block!important;\r\n    width:100%!important;\r\n    text-align:center!important;\r\n    margin-left:0!important;\r\n  }\r\n  .vd-btn{\r\n    display:flex!important;\r\n    align-items:center!important;\r\n    justify-content:center!important;\r\n    flex-wrap:nowrap!important;\r\n    gap:8px!important;\r\n    background:#f8f9fa!important;\r\n    border:1px solid #dadce0!important;\r\n    border-radius:12px!important;\r\n    padding:14px 16px!important;\r\n    box-shadow:0 1px 2px rgba(0,0,0,.06)!important;\r\n    font-size:15px!important;\r\n    color:#3c4043!important;\r\n    font-weight:500!important;\r\n    line-height:1!important;\r\n  }\r\n}\r\n<\/style>\r\n<!-- Bloco Google + Mobile adaptado -->\r\n<div class=\"vd-container\" style=\"font-family: system-ui,-apple-system,Roboto,Arial,sans-serif; border:1px solid #000000; border-radius:12px; background:#fff; padding:16px 20px; margin:24px 0; box-sizing:border-box;\">\r\n  <div class=\"vd-wrap\" style=\"display:flex; align-items:center; justify-content:space-between; gap:20px; flex-wrap:wrap;\">\r\n     <!-- Lado esquerdo: logo + frase (desktop) -->\r\n    <div style=\"display:flex; align-items:center; gap:16px; flex:1; min-width:250px;\">\r\n      <img class=\"vd-logo\" src=\"https:\/\/pordentrodeminas.com.br\/wp-content\/uploads\/2025\/10\/pordentrodeminas.jpg\"\r\n           alt=\"Por Dentro de Minas\" style=\"width:200px; height:200px; border-radius:6px; object-fit:contain;\">\r\n      <div class=\"vd-text\" style=\"font-size:17px; font-weight:600; color:#1a1a1a; line-height:1.4;\">\r\n        Siga o <strong>Por Dentro de Minas<\/strong> no Google e receba as \u00faltimas not\u00edcias de BH e Minas Gerais\r\n      <\/div>\r\n    <\/div>\r\n  <!-- Bot\u00c3\u0122o -->\r\n    <a class=\"vd-cta\" href=\"https:\/\/profile.google.com\/cp\/Cg0vZy8xMWx6al94MnMw\" target=\"_blank\" style=\"text-decoration:none; margin-left:auto;\">\r\n      <div class=\"vd-btn\" style=\"display:flex; align-items:center; justify-content:center; gap:8px; border:1px solid #dadce0; \r\n                  background:#fff; border-radius:6px; padding:10px 22px; height:44px; \r\n                  box-shadow:0 1px 2px rgba(0,0,0,0.1); font-size:15px; color:#3c4043; \r\n                  font-weight:500; line-height:1; transition:all 0.15s ease; \r\n                  white-space:nowrap; cursor:pointer;\">\r\n        <!-- \u00c3\u008dcone Google -->\r\n        <svg width=\"20\" height=\"20\" viewBox=\"0 0 48 48\" aria-hidden=\"true\" style=\"flex-shrink:0; display:inline-block; vertical-align:middle;\">\r\n          <path fill=\"#FFC107\" d=\"M43.611 20.083H42V20H24v8h11.303C33.356 31.91 29.093 35 24 35\r\n            c-6.627 0-12-5.373-12-12s5.373-12 12-12c3.059 0 5.844 1.156 \r\n            7.957 3.043l5.657-5.657C34.676 5.053 29.616 3 24 3\r\n            12.955 3 4 11.955 4 23s8.955 20 20 20 19-9 \r\n            19-20c0-1.34-.138-2.646-.389-3.917z\"\/>\r\n          <path fill=\"#FF3D00\" d=\"M6.306 14.691l6.571 4.814C14.39 15.918 18.833 13 24 13\r\n            c3.059 0 5.844 1.156 7.957 3.043l5.657-5.657C34.676 5.053\r\n            29.616 3 24 3 16.318 3 9.656 7.337 6.306 14.691z\"\/>\r\n          <path fill=\"#4CAF50\" d=\"M24 43c5.02 0 9.6-1.92 13.05-5.05l-6.02-4.93\r\n            C29.007 34.597 26.627 35 24 35c-5.07 0-9.322-3.077\r\n            -10.944-7.386l-6.6 5.092C8.774 39.552 15.879 43 24 43z\"\/>\r\n          <path fill=\"#1976D2\" d=\"M43.611 20.083H42V20H24v8h11.303\r\n            c-1.007 2.91-3.367 5.165-6.273 6.034l6.02 4.93\r\n            C37.73 36.99 40 31.94 40 26c0-1.34-.138-2.646\r\n            -.389-3.917z\"\/>\r\n        <\/svg>\r\n        <span style=\"display:inline-block; vertical-align:middle;\">Seguir no Google<\/span>\r\n      <\/div>\r\n    <\/a>\r\n  <\/div>\r\n<\/div><\/div>\n<ul>\n<li>Assaltos ou furtos<\/li>\n<li>Brigas ou agress\u00f5es<\/li>\n<li>Viol\u00eancia dom\u00e9stica<\/li>\n<li>Amea\u00e7as<\/li>\n<li>Qualquer situa\u00e7\u00e3o com risco imediato para pessoas ou patrim\u00f4nio<\/li>\n<\/ul>\n<p>Durante a liga\u00e7\u00e3o, \u00e9 importante manter a calma, explicar claramente o que est\u00e1 acontecendo, informar o endere\u00e7o completo e, se poss\u00edvel, pontos de refer\u00eancia.<\/p>\n<h2>Quando ligar para o 192<\/h2>\n<p>O 192 \u00e9 o n\u00famero do SAMU (Servi\u00e7o de Atendimento M\u00f3vel de Urg\u00eancia), voltado para emerg\u00eancias m\u00e9dicas graves.<\/p>\n<p>Entre os casos em que o servi\u00e7o deve ser acionado est\u00e3o:<\/p><div id=\"porde-99344285\" class=\"porde-conteudo-3\"><br><div class=\"pub_ads\">\r\n<!-- \/109525145\/banner-home-por-dentro-de-minas -->\r\n<div id='div-gpt-ad-1757283880966-0' style='min-width: 300px; min-height: 90px;'>\r\n  <script>\r\n    googletag.cmd.push(function() { googletag.display('div-gpt-ad-1757283880966-0'); });\r\n  <\/script>\r\n<\/div>\r\n<\/div>\n<ul>\n<li>Acidentes de tr\u00e2nsito com feridos<\/li>\n<li>Quedas com suspeita de fraturas<\/li>\n<li>Infarto<\/li>\n<li>Crises convulsivas<\/li>\n<li>Falta de ar<\/li>\n<li>Perda de consci\u00eancia<\/li>\n<\/ul>\n<p>As ambul\u00e2ncias do SAMU s\u00e3o equipadas para prestar atendimento inicial e encaminhar a v\u00edtima ao hospital adequado.<\/p><div id=\"porde-991438435\" class=\"porde-conteudo-4\" style=\"margin-left: auto;margin-right: auto;text-align: center;\"><div id=\"taboola-mid-article-thumbnails\"><\/div>\r\n<script type=\"text\/javascript\">\r\n  window._taboola = window._taboola || [];\r\n  _taboola.push({\r\n    mode: 'alternating-thumbnails-a-mid',\r\n    container: 'taboola-mid-article-thumbnails',\r\n    placement: 'Mid Article Thumbnails',\r\n    target_type: 'mix'\r\n  });\r\n<\/script><\/div> <\/div>\n<p>Ao ligar, descreva o estado da v\u00edtima, informe o endere\u00e7o exato e siga as orienta\u00e7\u00f5es do profissional que estiver no atendimento at\u00e9 a chegada da equipe.<\/p>\n<h2>Quando chamar o 193<\/h2>\n<p>O 193 \u00e9 o telefone do <a href=\"https:\/\/www.bombeiros.mg.gov.br\/\">Corpo de Bombeiros Militar de Minas Gerais<\/a> (CBMMG), utilizado em ocorr\u00eancias como:<\/p>\n<ul>\n<li>Inc\u00eandios<\/li>\n<li>Resgates em altura ou em locais de dif\u00edcil acesso<\/li>\n<li>Salvamentos aqu\u00e1ticos<\/li>\n<li>Acidentes com produtos perigosos<\/li>\n<li>Desabamentos ou riscos estruturais<\/li>\n<\/ul>\n<p>Ao fazer a liga\u00e7\u00e3o, informe o tipo de ocorr\u00eancia, a localiza\u00e7\u00e3o exata e poss\u00edveis riscos, como presen\u00e7a de pessoas presas ou materiais inflam\u00e1veis.<\/p>\n<h2>Outros n\u00fameros importantes<\/h2>\n<p>Al\u00e9m desses servi\u00e7os, existem outros contatos \u00fateis em situa\u00e7\u00f5es espec\u00edficas:<\/p>\n<ul>\n<li>199 \u2013 Defesa Civil: atua em casos de desastres naturais e envia alertas de risco \u00e0 popula\u00e7\u00e3o.<\/li>\n<li>180 \u2013 Central de Atendimento \u00e0 Mulher: recebe den\u00fancias de viol\u00eancia contra a mulher e orienta sobre direitos e servi\u00e7os de apoio.<\/li>\n<li><a href=\"https:\/\/emergencia.mg.gov.br\/\">Emerg\u00eancia MG<\/a>: Plataforma em Minas Gerais que permite acionar pol\u00edcia, bombeiros e defesa civil via chat (site, app MGP ou Telegram).<\/li>\n<\/ul>\n","protected":false},"excerpt":{"rendered":"<p>Veja qual n\u00famero ligar para atendimento em caso de emerg\u00eancia<\/p>\n","protected":false},"author":2,"featured_media":442,"comment_status":"open","ping_status":"open","sticky":false,"template":"","format":"standard","meta":{"jnews-multi-image_gallery":[],"jnews_single_post":{"format":"standard","override":[{"template":"1","parallax":"1","fullscreen":"1","layout":"right-sidebar","sidebar":"default-sidebar","second_sidebar":"default-sidebar","sticky_sidebar":"1","share_position":"bottom","share_float_style":"share-monocrhome","show_share_counter":"1","show_view_counter":"1","show_featured":"1","show_post_meta":"1","show_post_author":"1","show_post_author_image":"1","show_post_date":"1","post_date_format":"default","post_date_format_custom":"Y\/m\/d","post_reading_time_wpm":"300","post_calculate_word_method":"str_word_count","zoom_button_out_step":"2","zoom_button_in_step":"3","show_post_tag":"1","show_popup_post":"1","show_comment_section":"1","number_popup_post":"2","show_author_box":"1","show_post_related":"1","show_inline_post_related":"1"}],"image_override":[{"single_post_thumbnail_size":"crop-715","single_post_gallery_size":"crop-500"}],"trending_post_position":"meta","trending_post_label":"Trending","sponsored_post_label":"Patrocinado pela","disable_ad":"0","subtitle":"Veja qual n\u00famero ligar para atendimento em caso de emerg\u00eancia"},"jnews_primary_category":[],"jnews_override_counter":{"view_counter_number":"0","share_counter_number":"0","like_counter_number":"0","dislike_counter_number":"0"},"footnotes":""},"categories":[40],"tags":[159,160,161,63,64,164,163,162],"class_list":["post-440","post","type-post","status-publish","format-standard","has-post-thumbnail","hentry","category-noticias","tag-159","tag-160","tag-161","tag-mg","tag-minas-gerais","tag-policia-civil","tag-policia-militar","tag-samu"],"yoast_head":"<!-- This site is optimized with the Yoast SEO plugin v27.4 - https:\/\/yoast.com\/product\/yoast-seo-wordpress\/ -->\n<title>Saiba quando ligar para 190, 192 ou 193 em situa\u00e7\u00f5es de emerg\u00eancia &#8211; Mais - Por Dentro de Minas<\/title>\n<meta name=\"robots\" content=\"index, follow, max-snippet:-1, max-image-preview:large, max-video-preview:-1\" \/>\n<link rel=\"canonical\" href=\"https:\/\/pordentrodeminas.com.br\/mais\/2026\/03\/saiba-quando-ligar-para-190-192-ou-193-em-situacoes-de-emergencia\/\" \/>\n<meta property=\"og:locale\" content=\"pt_BR\" \/>\n<meta property=\"og:type\" content=\"article\" \/>\n<meta property=\"og:title\" content=\"Saiba quando ligar para 190, 192 ou 193 em situa\u00e7\u00f5es de emerg\u00eancia &#8211; Mais - Por Dentro de Minas\" \/>\n<meta property=\"og:description\" content=\"Veja qual n\u00famero ligar para atendimento em caso de emerg\u00eancia\" \/>\n<meta property=\"og:url\" content=\"https:\/\/pordentrodeminas.com.br\/mais\/2026\/03\/saiba-quando-ligar-para-190-192-ou-193-em-situacoes-de-emergencia\/\" \/>\n<meta property=\"og:site_name\" content=\"Mais - Por Dentro de Minas\" \/>\n<meta property=\"article:publisher\" content=\"https:\/\/www.facebook.com\/pordentrodeminas\" \/>\n<meta property=\"article:published_time\" content=\"2026-03-09T23:49:13+00:00\" \/>\n<meta property=\"og:image\" content=\"https:\/\/pordentrodeminas.com.br\/mais\/wp-content\/uploads\/2026\/03\/telefone.jpg\" \/>\n\t<meta property=\"og:image:width\" content=\"1920\" \/>\n\t<meta property=\"og:image:height\" content=\"1279\" \/>\n\t<meta property=\"og:image:type\" content=\"image\/jpeg\" \/>\n<meta name=\"author\" content=\"Reda\u00e7\u00e3o\" \/>\n<meta name=\"twitter:card\" content=\"summary_large_image\" \/>\n<meta name=\"twitter:creator\" content=\"@pordentrodemg\" \/>\n<meta name=\"twitter:site\" content=\"@pordentrodemg\" \/>\n<meta name=\"twitter:label1\" content=\"Escrito por\" \/>\n\t<meta name=\"twitter:data1\" content=\"Reda\u00e7\u00e3o\" \/>\n\t<meta name=\"twitter:label2\" content=\"Est. tempo de leitura\" \/>\n\t<meta name=\"twitter:data2\" content=\"3 minutos\" \/>\n<script type=\"application\/ld+json\" class=\"yoast-schema-graph\">{\"@context\":\"https:\\\/\\\/schema.org\",\"@graph\":[{\"@type\":\"Article\",\"@id\":\"https:\\\/\\\/pordentrodeminas.com.br\\\/mais\\\/2026\\\/03\\\/saiba-quando-ligar-para-190-192-ou-193-em-situacoes-de-emergencia\\\/#article\",\"isPartOf\":{\"@id\":\"https:\\\/\\\/pordentrodeminas.com.br\\\/mais\\\/2026\\\/03\\\/saiba-quando-ligar-para-190-192-ou-193-em-situacoes-de-emergencia\\\/\"},\"author\":{\"name\":\"Reda\u00e7\u00e3o\",\"@id\":\"https:\\\/\\\/pordentrodeminas.com.br\\\/mais\\\/#\\\/schema\\\/person\\\/6ecd0d9387f1c75434f83b4c832850f5\"},\"headline\":\"Saiba quando ligar para 190, 192 ou 193 em situa\u00e7\u00f5es de emerg\u00eancia\",\"datePublished\":\"2026-03-09T23:49:13+00:00\",\"mainEntityOfPage\":{\"@id\":\"https:\\\/\\\/pordentrodeminas.com.br\\\/mais\\\/2026\\\/03\\\/saiba-quando-ligar-para-190-192-ou-193-em-situacoes-de-emergencia\\\/\"},\"wordCount\":425,\"commentCount\":0,\"image\":{\"@id\":\"https:\\\/\\\/pordentrodeminas.com.br\\\/mais\\\/2026\\\/03\\\/saiba-quando-ligar-para-190-192-ou-193-em-situacoes-de-emergencia\\\/#primaryimage\"},\"thumbnailUrl\":\"https:\\\/\\\/pordentrodeminas.com.br\\\/mais\\\/wp-content\\\/uploads\\\/2026\\\/03\\\/telefone.jpg\",\"keywords\":[\"190\",\"192\",\"193\",\"MG\",\"Minas Gerais\",\"Pol\u00edcia Civil\",\"Pol\u00edcia Militar\",\"Samu\"],\"articleSection\":[\"Not\u00edcias\"],\"inLanguage\":\"pt-BR\",\"potentialAction\":[{\"@type\":\"CommentAction\",\"name\":\"Comment\",\"target\":[\"https:\\\/\\\/pordentrodeminas.com.br\\\/mais\\\/2026\\\/03\\\/saiba-quando-ligar-para-190-192-ou-193-em-situacoes-de-emergencia\\\/#respond\"]}]},{\"@type\":\"WebPage\",\"@id\":\"https:\\\/\\\/pordentrodeminas.com.br\\\/mais\\\/2026\\\/03\\\/saiba-quando-ligar-para-190-192-ou-193-em-situacoes-de-emergencia\\\/\",\"url\":\"https:\\\/\\\/pordentrodeminas.com.br\\\/mais\\\/2026\\\/03\\\/saiba-quando-ligar-para-190-192-ou-193-em-situacoes-de-emergencia\\\/\",\"name\":\"Saiba quando ligar para 190, 192 ou 193 em situa\u00e7\u00f5es de emerg\u00eancia &#8211; Mais - Por Dentro de Minas\",\"isPartOf\":{\"@id\":\"https:\\\/\\\/pordentrodeminas.com.br\\\/mais\\\/#website\"},\"primaryImageOfPage\":{\"@id\":\"https:\\\/\\\/pordentrodeminas.com.br\\\/mais\\\/2026\\\/03\\\/saiba-quando-ligar-para-190-192-ou-193-em-situacoes-de-emergencia\\\/#primaryimage\"},\"image\":{\"@id\":\"https:\\\/\\\/pordentrodeminas.com.br\\\/mais\\\/2026\\\/03\\\/saiba-quando-ligar-para-190-192-ou-193-em-situacoes-de-emergencia\\\/#primaryimage\"},\"thumbnailUrl\":\"https:\\\/\\\/pordentrodeminas.com.br\\\/mais\\\/wp-content\\\/uploads\\\/2026\\\/03\\\/telefone.jpg\",\"datePublished\":\"2026-03-09T23:49:13+00:00\",\"author\":{\"@id\":\"https:\\\/\\\/pordentrodeminas.com.br\\\/mais\\\/#\\\/schema\\\/person\\\/6ecd0d9387f1c75434f83b4c832850f5\"},\"breadcrumb\":{\"@id\":\"https:\\\/\\\/pordentrodeminas.com.br\\\/mais\\\/2026\\\/03\\\/saiba-quando-ligar-para-190-192-ou-193-em-situacoes-de-emergencia\\\/#breadcrumb\"},\"inLanguage\":\"pt-BR\",\"potentialAction\":[{\"@type\":\"ReadAction\",\"target\":[\"https:\\\/\\\/pordentrodeminas.com.br\\\/mais\\\/2026\\\/03\\\/saiba-quando-ligar-para-190-192-ou-193-em-situacoes-de-emergencia\\\/\"]}]},{\"@type\":\"ImageObject\",\"inLanguage\":\"pt-BR\",\"@id\":\"https:\\\/\\\/pordentrodeminas.com.br\\\/mais\\\/2026\\\/03\\\/saiba-quando-ligar-para-190-192-ou-193-em-situacoes-de-emergencia\\\/#primaryimage\",\"url\":\"https:\\\/\\\/pordentrodeminas.com.br\\\/mais\\\/wp-content\\\/uploads\\\/2026\\\/03\\\/telefone.jpg\",\"contentUrl\":\"https:\\\/\\\/pordentrodeminas.com.br\\\/mais\\\/wp-content\\\/uploads\\\/2026\\\/03\\\/telefone.jpg\",\"width\":1920,\"height\":1279,\"caption\":\"Saiba quando ligar para 190, 192 ou 193 em situa\u00e7\u00f5es de emerg\u00eancia - Foto: Divulga\u00e7\u00e3o\\\/Depositphotos\"},{\"@type\":\"BreadcrumbList\",\"@id\":\"https:\\\/\\\/pordentrodeminas.com.br\\\/mais\\\/2026\\\/03\\\/saiba-quando-ligar-para-190-192-ou-193-em-situacoes-de-emergencia\\\/#breadcrumb\",\"itemListElement\":[{\"@type\":\"ListItem\",\"position\":1,\"name\":\"Home\",\"item\":\"https:\\\/\\\/pordentrodeminas.com.br\\\/mais\\\/\"},{\"@type\":\"ListItem\",\"position\":2,\"name\":\"Saiba quando ligar para 190, 192 ou 193 em situa\u00e7\u00f5es de emerg\u00eancia\"}]},{\"@type\":\"WebSite\",\"@id\":\"https:\\\/\\\/pordentrodeminas.com.br\\\/mais\\\/#website\",\"url\":\"https:\\\/\\\/pordentrodeminas.com.br\\\/mais\\\/\",\"name\":\"Mais - Por Dentro de Minas\",\"description\":\"O Por Dentro de Minas \u00e9 um portal de not\u00edcias de Belo Horizonte e todo o estado de MG. \u00daltimas not\u00edcias, informa\u00e7\u00f5es em tempo real do tr\u00e2nsito, previs\u00e3o do tempo, agenda cultural, emprego, colunas, blogs e coberturas especiais.\",\"potentialAction\":[{\"@type\":\"SearchAction\",\"target\":{\"@type\":\"EntryPoint\",\"urlTemplate\":\"https:\\\/\\\/pordentrodeminas.com.br\\\/mais\\\/?s={search_term_string}\"},\"query-input\":{\"@type\":\"PropertyValueSpecification\",\"valueRequired\":true,\"valueName\":\"search_term_string\"}}],\"inLanguage\":\"pt-BR\"},{\"@type\":\"Person\",\"@id\":\"https:\\\/\\\/pordentrodeminas.com.br\\\/mais\\\/#\\\/schema\\\/person\\\/6ecd0d9387f1c75434f83b4c832850f5\",\"name\":\"Reda\u00e7\u00e3o\",\"image\":{\"@type\":\"ImageObject\",\"inLanguage\":\"pt-BR\",\"@id\":\"https:\\\/\\\/pordentrodeminas.com.br\\\/mais\\\/wp-content\\\/litespeed\\\/avatar\\\/1c3daeb4f1f077559dabeef1d03bd69c.jpg?ver=1776784517\",\"url\":\"https:\\\/\\\/pordentrodeminas.com.br\\\/mais\\\/wp-content\\\/litespeed\\\/avatar\\\/1c3daeb4f1f077559dabeef1d03bd69c.jpg?ver=1776784517\",\"contentUrl\":\"https:\\\/\\\/pordentrodeminas.com.br\\\/mais\\\/wp-content\\\/litespeed\\\/avatar\\\/1c3daeb4f1f077559dabeef1d03bd69c.jpg?ver=1776784517\",\"caption\":\"Reda\u00e7\u00e3o\"},\"sameAs\":[\"https:\\\/\\\/pordentrodeminas.com.br\\\/mais\\\/\"],\"url\":\"https:\\\/\\\/pordentrodeminas.com.br\\\/mais\\\/author\\\/redacao\\\/\"}]}<\/script>\n<!-- \/ Yoast SEO plugin. -->","yoast_head_json":{"title":"Saiba quando ligar para 190, 192 ou 193 em situa\u00e7\u00f5es de emerg\u00eancia &#8211; Mais - Por Dentro de Minas","robots":{"index":"index","follow":"follow","max-snippet":"max-snippet:-1","max-image-preview":"max-image-preview:large","max-video-preview":"max-video-preview:-1"},"canonical":"https:\/\/pordentrodeminas.com.br\/mais\/2026\/03\/saiba-quando-ligar-para-190-192-ou-193-em-situacoes-de-emergencia\/","og_locale":"pt_BR","og_type":"article","og_title":"Saiba quando ligar para 190, 192 ou 193 em situa\u00e7\u00f5es de emerg\u00eancia &#8211; Mais - Por Dentro de Minas","og_description":"Veja qual n\u00famero ligar para atendimento em caso de emerg\u00eancia","og_url":"https:\/\/pordentrodeminas.com.br\/mais\/2026\/03\/saiba-quando-ligar-para-190-192-ou-193-em-situacoes-de-emergencia\/","og_site_name":"Mais - Por Dentro de Minas","article_publisher":"https:\/\/www.facebook.com\/pordentrodeminas","article_published_time":"2026-03-09T23:49:13+00:00","og_image":[{"width":1920,"height":1279,"url":"https:\/\/pordentrodeminas.com.br\/mais\/wp-content\/uploads\/2026\/03\/telefone.jpg","type":"image\/jpeg"}],"author":"Reda\u00e7\u00e3o","twitter_card":"summary_large_image","twitter_creator":"@pordentrodemg","twitter_site":"@pordentrodemg","twitter_misc":{"Escrito por":"Reda\u00e7\u00e3o","Est. tempo de leitura":"3 minutos"},"schema":{"@context":"https:\/\/schema.org","@graph":[{"@type":"Article","@id":"https:\/\/pordentrodeminas.com.br\/mais\/2026\/03\/saiba-quando-ligar-para-190-192-ou-193-em-situacoes-de-emergencia\/#article","isPartOf":{"@id":"https:\/\/pordentrodeminas.com.br\/mais\/2026\/03\/saiba-quando-ligar-para-190-192-ou-193-em-situacoes-de-emergencia\/"},"author":{"name":"Reda\u00e7\u00e3o","@id":"https:\/\/pordentrodeminas.com.br\/mais\/#\/schema\/person\/6ecd0d9387f1c75434f83b4c832850f5"},"headline":"Saiba quando ligar para 190, 192 ou 193 em situa\u00e7\u00f5es de emerg\u00eancia","datePublished":"2026-03-09T23:49:13+00:00","mainEntityOfPage":{"@id":"https:\/\/pordentrodeminas.com.br\/mais\/2026\/03\/saiba-quando-ligar-para-190-192-ou-193-em-situacoes-de-emergencia\/"},"wordCount":425,"commentCount":0,"image":{"@id":"https:\/\/pordentrodeminas.com.br\/mais\/2026\/03\/saiba-quando-ligar-para-190-192-ou-193-em-situacoes-de-emergencia\/#primaryimage"},"thumbnailUrl":"https:\/\/pordentrodeminas.com.br\/mais\/wp-content\/uploads\/2026\/03\/telefone.jpg","keywords":["190","192","193","MG","Minas Gerais","Pol\u00edcia Civil","Pol\u00edcia Militar","Samu"],"articleSection":["Not\u00edcias"],"inLanguage":"pt-BR","potentialAction":[{"@type":"CommentAction","name":"Comment","target":["https:\/\/pordentrodeminas.com.br\/mais\/2026\/03\/saiba-quando-ligar-para-190-192-ou-193-em-situacoes-de-emergencia\/#respond"]}]},{"@type":"WebPage","@id":"https:\/\/pordentrodeminas.com.br\/mais\/2026\/03\/saiba-quando-ligar-para-190-192-ou-193-em-situacoes-de-emergencia\/","url":"https:\/\/pordentrodeminas.com.br\/mais\/2026\/03\/saiba-quando-ligar-para-190-192-ou-193-em-situacoes-de-emergencia\/","name":"Saiba quando ligar para 190, 192 ou 193 em situa\u00e7\u00f5es de emerg\u00eancia &#8211; Mais - Por Dentro de Minas","isPartOf":{"@id":"https:\/\/pordentrodeminas.com.br\/mais\/#website"},"primaryImageOfPage":{"@id":"https:\/\/pordentrodeminas.com.br\/mais\/2026\/03\/saiba-quando-ligar-para-190-192-ou-193-em-situacoes-de-emergencia\/#primaryimage"},"image":{"@id":"https:\/\/pordentrodeminas.com.br\/mais\/2026\/03\/saiba-quando-ligar-para-190-192-ou-193-em-situacoes-de-emergencia\/#primaryimage"},"thumbnailUrl":"https:\/\/pordentrodeminas.com.br\/mais\/wp-content\/uploads\/2026\/03\/telefone.jpg","datePublished":"2026-03-09T23:49:13+00:00","author":{"@id":"https:\/\/pordentrodeminas.com.br\/mais\/#\/schema\/person\/6ecd0d9387f1c75434f83b4c832850f5"},"breadcrumb":{"@id":"https:\/\/pordentrodeminas.com.br\/mais\/2026\/03\/saiba-quando-ligar-para-190-192-ou-193-em-situacoes-de-emergencia\/#breadcrumb"},"inLanguage":"pt-BR","potentialAction":[{"@type":"ReadAction","target":["https:\/\/pordentrodeminas.com.br\/mais\/2026\/03\/saiba-quando-ligar-para-190-192-ou-193-em-situacoes-de-emergencia\/"]}]},{"@type":"ImageObject","inLanguage":"pt-BR","@id":"https:\/\/pordentrodeminas.com.br\/mais\/2026\/03\/saiba-quando-ligar-para-190-192-ou-193-em-situacoes-de-emergencia\/#primaryimage","url":"https:\/\/pordentrodeminas.com.br\/mais\/wp-content\/uploads\/2026\/03\/telefone.jpg","contentUrl":"https:\/\/pordentrodeminas.com.br\/mais\/wp-content\/uploads\/2026\/03\/telefone.jpg","width":1920,"height":1279,"caption":"Saiba quando ligar para 190, 192 ou 193 em situa\u00e7\u00f5es de emerg\u00eancia - Foto: Divulga\u00e7\u00e3o\/Depositphotos"},{"@type":"BreadcrumbList","@id":"https:\/\/pordentrodeminas.com.br\/mais\/2026\/03\/saiba-quando-ligar-para-190-192-ou-193-em-situacoes-de-emergencia\/#breadcrumb","itemListElement":[{"@type":"ListItem","position":1,"name":"Home","item":"https:\/\/pordentrodeminas.com.br\/mais\/"},{"@type":"ListItem","position":2,"name":"Saiba quando ligar para 190, 192 ou 193 em situa\u00e7\u00f5es de emerg\u00eancia"}]},{"@type":"WebSite","@id":"https:\/\/pordentrodeminas.com.br\/mais\/#website","url":"https:\/\/pordentrodeminas.com.br\/mais\/","name":"Mais - Por Dentro de Minas","description":"O Por Dentro de Minas \u00e9 um portal de not\u00edcias de Belo Horizonte e todo o estado de MG. \u00daltimas not\u00edcias, informa\u00e7\u00f5es em tempo real do tr\u00e2nsito, previs\u00e3o do tempo, agenda cultural, emprego, colunas, blogs e coberturas especiais.","potentialAction":[{"@type":"SearchAction","target":{"@type":"EntryPoint","urlTemplate":"https:\/\/pordentrodeminas.com.br\/mais\/?s={search_term_string}"},"query-input":{"@type":"PropertyValueSpecification","valueRequired":true,"valueName":"search_term_string"}}],"inLanguage":"pt-BR"},{"@type":"Person","@id":"https:\/\/pordentrodeminas.com.br\/mais\/#\/schema\/person\/6ecd0d9387f1c75434f83b4c832850f5","name":"Reda\u00e7\u00e3o","image":{"@type":"ImageObject","inLanguage":"pt-BR","@id":"https:\/\/pordentrodeminas.com.br\/mais\/wp-content\/litespeed\/avatar\/1c3daeb4f1f077559dabeef1d03bd69c.jpg?ver=1776784517","url":"https:\/\/pordentrodeminas.com.br\/mais\/wp-content\/litespeed\/avatar\/1c3daeb4f1f077559dabeef1d03bd69c.jpg?ver=1776784517","contentUrl":"https:\/\/pordentrodeminas.com.br\/mais\/wp-content\/litespeed\/avatar\/1c3daeb4f1f077559dabeef1d03bd69c.jpg?ver=1776784517","caption":"Reda\u00e7\u00e3o"},"sameAs":["https:\/\/pordentrodeminas.com.br\/mais\/"],"url":"https:\/\/pordentrodeminas.com.br\/mais\/author\/redacao\/"}]}},"_links":{"self":[{"href":"https:\/\/pordentrodeminas.com.br\/mais\/wp-json\/wp\/v2\/posts\/440","targetHints":{"allow":["GET"]}}],"collection":[{"href":"https:\/\/pordentrodeminas.com.br\/mais\/wp-json\/wp\/v2\/posts"}],"about":[{"href":"https:\/\/pordentrodeminas.com.br\/mais\/wp-json\/wp\/v2\/types\/post"}],"author":[{"embeddable":true,"href":"https:\/\/pordentrodeminas.com.br\/mais\/wp-json\/wp\/v2\/users\/2"}],"replies":[{"embeddable":true,"href":"https:\/\/pordentrodeminas.com.br\/mais\/wp-json\/wp\/v2\/comments?post=440"}],"version-history":[{"count":1,"href":"https:\/\/pordentrodeminas.com.br\/mais\/wp-json\/wp\/v2\/posts\/440\/revisions"}],"predecessor-version":[{"id":441,"href":"https:\/\/pordentrodeminas.com.br\/mais\/wp-json\/wp\/v2\/posts\/440\/revisions\/441"}],"wp:featuredmedia":[{"embeddable":true,"href":"https:\/\/pordentrodeminas.com.br\/mais\/wp-json\/wp\/v2\/media\/442"}],"wp:attachment":[{"href":"https:\/\/pordentrodeminas.com.br\/mais\/wp-json\/wp\/v2\/media?parent=440"}],"wp:term":[{"taxonomy":"category","embeddable":true,"href":"https:\/\/pordentrodeminas.com.br\/mais\/wp-json\/wp\/v2\/categories?post=440"},{"taxonomy":"post_tag","embeddable":true,"href":"https:\/\/pordentrodeminas.com.br\/mais\/wp-json\/wp\/v2\/tags?post=440"}],"curies":[{"name":"wp","href":"https:\/\/api.w.org\/{rel}","templated":true}]}}